{"id":388,"date":"2024-11-29T23:21:44","date_gmt":"2024-11-29T22:21:44","guid":{"rendered":"https:\/\/terre-de-provence.com\/?p=388"},"modified":"2024-11-29T23:25:28","modified_gmt":"2024-11-29T22:25:28","slug":"boutique-ephemere-de-noel-2024","status":"publish","type":"post","link":"https:\/\/terre-de-provence.com\/index.php\/2024\/11\/29\/boutique-ephemere-de-noel-2024\/","title":{"rendered":"Boutique \u00c9ph\u00e9m\u00e8re de No\u00ebl 2024"},"content":{"rendered":"\n\n\n<p>Nous sommes <a href=\"https:\/\/l.facebook.com\/l.php?u=http%3A%2F%2Fravis.es%2F%3Ffbclid%3DIwZXh0bgNhZW0CMTAAAR0YqalrsFSn7wz72mWDkANq_PxtbonKQtJPTsV2OM6cqDYHX-421qZy20s_aem_e1uOE9AXo8vk30VN1APx-Q&amp;h=AT0zNd8dxnkLFYRUc0DORt34MeqDvIhCid2oQ--fwQJ-x97qTYiA30gYy2ttdqyapMWR4ll0dwAGe8b2uBVGnQwO1zlJ1kyLChcjmLBORKulWM7HeiiOKIEBsQX54ZTDqiPcWdCcfvjtwjjF1w&amp;__tn__=-UK-R&amp;c[0]=AT2Ag8z-kTVu-rtx4BlB6hFnXHBxfvdSkBedviBwiYwwc10Wrj4sQhWfXihYT9OvVCoVKYJX2SchUzTIIUWWNAMVUj8SLZ02UBVuYzxIPh501iIBXSDHGaU_PRfJxXX-_RI291t6734tN_QPCp6rgoFCYdDKorwDpjufRS4hsu2R2-0f0gjfqaLR4R9L6uMY-MyFbRHgpxDj1QSkPFoFrfV4Fl4\" target=\"_blank\" rel=\"noreferrer noopener\">ravi.e.s<\/a> de vous annoncer l\u2019ouverture de la nouvelle \u00e9dition de la Boutique \u00c9ph\u00e9m\u00e8re de No\u00ebl ! <img loading=\"lazy\" decoding=\"async\" height=\"16\" width=\"16\" src=\"https:\/\/static.xx.fbcdn.net\/images\/emoji.php\/v9\/t7\/1\/16\/1f384.png\" alt=\"\ud83c\udf84\"><\/p>\n\n\n\n<p><img loading=\"lazy\" decoding=\"async\" height=\"16\" width=\"16\" alt=\"\ud83d\udcc5\" src=\"https:\/\/static.xx.fbcdn.net\/images\/emoji.php\/v9\/t7e\/1\/16\/1f4c5.png\"> Du 30 Novembre au 22 d\u00e9cembre : retrouvez-nous chaque week-end, les samedis et dimanches de 10h \u00e0 19h, ainsi que du mardi au vendredi de 16h \u00e0 19h.<\/p>\n\n\n\n<p><a><\/a>Certains de nos exposants, dont vous appr\u00e9ciez d\u00e9j\u00e0 les cr\u00e9ations, seront \u00e0 nouveau pr\u00e9sents pour cette 6\u00e8me \u00e9dition, et comme toujours, nous avons d\u00e9nich\u00e9 quelques nouvelles p\u00e9pites \u00e0 d\u00e9couvrir ! <img loading=\"lazy\" decoding=\"async\" height=\"16\" width=\"16\" alt=\"\ud83d\ude0d\" src=\"https:\/\/static.xx.fbcdn.net\/images\/emoji.php\/v9\/t2\/1\/16\/1f60d.png\"><\/p>\n\n\n\n<p>Nous serons plus d\u2019une vingtaine de cr\u00e9atrices, cr\u00e9ateurs et artistes locaux.<\/p>\n\n\n\n<p>Venez d\u00e9nicher des cadeaux uniques, de qualit\u00e9 et con\u00e7us avec amour, tout en soutenant l\u2019art et l\u2019artisanat local.<\/p>\n\n\n\n<p>Bijoux en argent, bijoux fantaisie, c\u00e9ramiques, luminaires, savons et cosm\u00e9tiques, tricots, art, illustrations, photos, pochettes japonaises, tisanes&#8230; et bien plus encore !<\/p>\n\n\n\n<div class=\"wp-block-media-text is-stacked-on-mobile is-vertically-aligned-top\" style=\"grid-template-columns:58% auto\"><figure class=\"wp-block-media-text__media\"><img loading=\"lazy\" decoding=\"async\" width=\"516\" height=\"600\" src=\"https:\/\/terre-de-provence.com\/wp-content\/uploads\/2024\/11\/464402892_18048386587981597_232389089686428797_n.jpg\" alt=\"\" class=\"wp-image-389 size-full\" srcset=\"https:\/\/terre-de-provence.com\/wp-content\/uploads\/2024\/11\/464402892_18048386587981597_232389089686428797_n.jpg 516w, https:\/\/terre-de-provence.com\/wp-content\/uploads\/2024\/11\/464402892_18048386587981597_232389089686428797_n-258x300.jpg 258w\" sizes=\"auto, (max-width: 516px) 100vw, 516px\" \/><\/figure><div class=\"wp-block-media-text__content\">\n<p>Ne manquez pas ce rendez-vous incontournable pour vos cadeaux de No\u00ebl ! <img loading=\"lazy\" decoding=\"async\" height=\"16\" width=\"16\" src=\"https:\/\/static.xx.fbcdn.net\/images\/emoji.php\/v9\/t88\/1\/16\/1f385.png\" alt=\"\ud83c\udf85\"><img loading=\"lazy\" decoding=\"async\" height=\"16\" width=\"16\" src=\"https:\/\/static.xx.fbcdn.net\/images\/emoji.php\/v9\/t7\/1\/16\/1f384.png\" alt=\"\ud83c\udf84\"><\/p>\n\n\n\n<p><img loading=\"lazy\" decoding=\"async\" height=\"16\" width=\"16\" src=\"https:\/\/static.xx.fbcdn.net\/images\/emoji.php\/v9\/t2d\/1\/16\/1f4cd.png\" alt=\"\ud83d\udccd\"> Adresse : 25 rue de Verdun, Mouans-Sartoux, dans le chaleureux espace de Terre de Provence.<br><br>Cette ann\u00e9e, nous avons l\u2019honneur de mettre en avant le talent d\u2019Alexandra Banti <a href=\"https:\/\/l.facebook.com\/l.php?u=https%3A%2F%2Fwww.instagram.com%2F_u%2Falexandrabanti_%3Ffbclid%3DIwZXh0bgNhZW0CMTAAAR2Q_nTTSBJfGtGUHRPOaIUAWbHKnYrkPbVjBmvdAmnjuwoA_t6ccDnT4OM_aem_j_7BG_smyPn85vaksKL5Zw&amp;h=AT2mwWtm-w9DwrmF9fBL38GOSuJOmyOX4UqLWky-e2jVuiYlHvIlgaaUixwtaqnB8IqfV6cNLUcZDEEWFAU4OyZb-FHanjHz7w_Tu8SbzLd_QraQFPdKM-QrkxvqC79pjsjW_8InMhh1G572fg&amp;__tn__=-UK-R&amp;c[0]=AT2Ag8z-kTVu-rtx4BlB6hFnXHBxfvdSkBedviBwiYwwc10Wrj4sQhWfXihYT9OvVCoVKYJX2SchUzTIIUWWNAMVUj8SLZ02UBVuYzxIPh501iIBXSDHGaU_PRfJxXX-_RI291t6734tN_QPCp6rgoFCYdDKorwDpjufRS4hsu2R2-0f0gjfqaLR4R9L6uMY-MyFbRHgpxDj1QSkPFoFrfV4Fl4\" target=\"_blank\" rel=\"noreferrer noopener\">@alexandrabanti_<\/a> \u00e0 travers notre affiche, illustr\u00e9e par l\u2019une de ces magnifiques cr\u00e9ations. Venez d\u00e9couvrir ses \u0153uvres expos\u00e9es \u00e0 la boutique \u00e9ph\u00e9m\u00e8re.<\/p>\n<\/div><\/div>\n\n\n\n<p><\/p>\n","protected":false},"excerpt":{"rendered":"<p>Nous sommes ravi.e.s de vous annoncer l\u2019ouverture de la nouvelle \u00e9dition de la Boutique \u00c9ph\u00e9m\u00e8re de No\u00ebl ! Du 30 Novembre au 22 d\u00e9cembre : retrouvez-nous chaque week-end, les samedis et dimanches de 10h \u00e0 19h, ainsi que du mardi au vendredi de 16h \u00e0 19h. Certains de nos exposants, dont vous appr\u00e9ciez d\u00e9j\u00e0 les &hellip; <\/p>\n<p class=\"link-more\"><a href=\"https:\/\/terre-de-provence.com\/index.php\/2024\/11\/29\/boutique-ephemere-de-noel-2024\/\" class=\"more-link\">Continuer la lecture<span class=\"screen-reader-text\"> de &laquo;&nbsp;Boutique \u00c9ph\u00e9m\u00e8re de No\u00ebl 2024&nbsp;&raquo;<\/span><\/a><\/p>\n","protected":false},"author":1,"featured_media":0,"comment_status":"open","ping_status":"open","sticky":false,"template":"","format":"standard","meta":{"footnotes":""},"categories":[4],"tags":[],"class_list":["post-388","post","type-post","status-publish","format-standard","hentry","category-boutiques-ephemeres"],"_links":{"self":[{"href":"https:\/\/terre-de-provence.com\/index.php\/wp-json\/wp\/v2\/posts\/388","targetHints":{"allow":["GET"]}}],"collection":[{"href":"https:\/\/terre-de-provence.com\/index.php\/wp-json\/wp\/v2\/posts"}],"about":[{"href":"https:\/\/terre-de-provence.com\/index.php\/wp-json\/wp\/v2\/types\/post"}],"author":[{"embeddable":true,"href":"https:\/\/terre-de-provence.com\/index.php\/wp-json\/wp\/v2\/users\/1"}],"replies":[{"embeddable":true,"href":"https:\/\/terre-de-provence.com\/index.php\/wp-json\/wp\/v2\/comments?post=388"}],"version-history":[{"count":4,"href":"https:\/\/terre-de-provence.com\/index.php\/wp-json\/wp\/v2\/posts\/388\/revisions"}],"predecessor-version":[{"id":394,"href":"https:\/\/terre-de-provence.com\/index.php\/wp-json\/wp\/v2\/posts\/388\/revisions\/394"}],"wp:attachment":[{"href":"https:\/\/terre-de-provence.com\/index.php\/wp-json\/wp\/v2\/media?parent=388"}],"wp:term":[{"taxonomy":"category","embeddable":true,"href":"https:\/\/terre-de-provence.com\/index.php\/wp-json\/wp\/v2\/categories?post=388"},{"taxonomy":"post_tag","embeddable":true,"href":"https:\/\/terre-de-provence.com\/index.php\/wp-json\/wp\/v2\/tags?post=388"}],"curies":[{"name":"wp","href":"https:\/\/api.w.org\/{rel}","templated":true}]}}