{"id":365,"date":"2024-09-01T21:36:08","date_gmt":"2024-09-01T19:36:08","guid":{"rendered":"https:\/\/terre-de-provence.com\/?p=365"},"modified":"2024-10-11T21:36:50","modified_gmt":"2024-10-11T19:36:50","slug":"arts-plastiques","status":"publish","type":"post","link":"https:\/\/terre-de-provence.com\/index.php\/2024\/09\/01\/arts-plastiques\/","title":{"rendered":"Arts Plastiques"},"content":{"rendered":"\n<h1 class=\"wp-block-heading\" style=\"font-size:14px\">Ateliers d\u2019arts plastiques pour ados \ud83c\udfa8<br><br>Offrez \u00e0 votre adolescent l\u2019opportunit\u00e9 de d\u00e9couvrir et d\u2019approfondir une grande vari\u00e9t\u00e9 de techniques artistiques : dessin, peinture, sculpture, modelage, street art, manga, assemblage, collage.<br><br>Ces ateliers sont parfaits pour d\u00e9velopper un style artistique personnel et faire \u00e9voluer son talent cr\u00e9atif. Ils sont adapt\u00e9s \u00e0 tous les niveaux, qu\u2019il s\u2019agisse de d\u00e9butants ou de confirm\u00e9s.<br><br>Avec Romy fantino, professeure d\u2019art plastique au coll\u00e8ge.<br><br>\ud83d\udcc5 <strong>Tous les mercredis de 13h \u00e0 14h30, \u00e0 partir du 2 octobre<\/strong>.<br>\ud83d\udccd Lieu : Terre de Provence, 25 rue de Verdun, Mouans-Sartoux.<br>\ud83d\udce7 Infos et inscriptions : fantinoromy@gmail.com<br>Ou au 0623891329<br><br>\ud83d\udcb6 Tarif : 15 \u20ac par s\u00e9ance d\u20191h30.<br>Forfait annuel : 450 \u20ac, payable en plusieurs fois (jusqu\u2019\u00e0 5 fois).<\/h1>\n\n\n\n<figure class=\"wp-block-gallery has-nested-images columns-default is-cropped wp-block-gallery-1 is-layout-flex wp-block-gallery-is-layout-flex\">\n<figure class=\"wp-block-image size-large\"><img loading=\"lazy\" decoding=\"async\" width=\"1653\" height=\"1666\" data-id=\"367\" src=\"https:\/\/terre-de-provence.com\/wp-content\/uploads\/2024\/10\/PrtScr-capture.jpg\" alt=\"\" class=\"wp-image-367\" srcset=\"https:\/\/terre-de-provence.com\/wp-content\/uploads\/2024\/10\/PrtScr-capture.jpg 1653w, https:\/\/terre-de-provence.com\/wp-content\/uploads\/2024\/10\/PrtScr-capture-298x300.jpg 298w, https:\/\/terre-de-provence.com\/wp-content\/uploads\/2024\/10\/PrtScr-capture-150x150.jpg 150w, https:\/\/terre-de-provence.com\/wp-content\/uploads\/2024\/10\/PrtScr-capture-768x774.jpg 768w, https:\/\/terre-de-provence.com\/wp-content\/uploads\/2024\/10\/PrtScr-capture-1524x1536.jpg 1524w, https:\/\/terre-de-provence.com\/wp-content\/uploads\/2024\/10\/PrtScr-capture-100x100.jpg 100w\" sizes=\"auto, (max-width: 706px) 89vw, (max-width: 767px) 82vw, 740px\" \/><\/figure>\n\n\n\n<figure class=\"wp-block-image size-large\"><img loading=\"lazy\" decoding=\"async\" width=\"1649\" height=\"1693\" data-id=\"370\" src=\"https:\/\/terre-de-provence.com\/wp-content\/uploads\/2024\/10\/Terre-de-Provence-@terredeprovencemouans-\u2022-Photos-et-videos-Instagram-\u2014-Mozilla-Firefox-1.jpg\" alt=\"\" class=\"wp-image-370\" srcset=\"https:\/\/terre-de-provence.com\/wp-content\/uploads\/2024\/10\/Terre-de-Provence-@terredeprovencemouans-\u2022-Photos-et-videos-Instagram-\u2014-Mozilla-Firefox-1.jpg 1649w, https:\/\/terre-de-provence.com\/wp-content\/uploads\/2024\/10\/Terre-de-Provence-@terredeprovencemouans-\u2022-Photos-et-videos-Instagram-\u2014-Mozilla-Firefox-1-292x300.jpg 292w, https:\/\/terre-de-provence.com\/wp-content\/uploads\/2024\/10\/Terre-de-Provence-@terredeprovencemouans-\u2022-Photos-et-videos-Instagram-\u2014-Mozilla-Firefox-1-768x788.jpg 768w, https:\/\/terre-de-provence.com\/wp-content\/uploads\/2024\/10\/Terre-de-Provence-@terredeprovencemouans-\u2022-Photos-et-videos-Instagram-\u2014-Mozilla-Firefox-1-1496x1536.jpg 1496w\" sizes=\"auto, (max-width: 706px) 89vw, (max-width: 767px) 82vw, 740px\" \/><\/figure>\n\n\n\n<figure class=\"wp-block-image size-large\"><img loading=\"lazy\" decoding=\"async\" width=\"1702\" height=\"1689\" data-id=\"371\" src=\"https:\/\/terre-de-provence.com\/wp-content\/uploads\/2024\/10\/Terre-de-Provence-@terredeprovencemouans-\u2022-Photos-et-videos-Instagram-\u2014-Mozilla-Firefox_3-1.jpg\" alt=\"\" class=\"wp-image-371\" srcset=\"https:\/\/terre-de-provence.com\/wp-content\/uploads\/2024\/10\/Terre-de-Provence-@terredeprovencemouans-\u2022-Photos-et-videos-Instagram-\u2014-Mozilla-Firefox_3-1.jpg 1702w, https:\/\/terre-de-provence.com\/wp-content\/uploads\/2024\/10\/Terre-de-Provence-@terredeprovencemouans-\u2022-Photos-et-videos-Instagram-\u2014-Mozilla-Firefox_3-1-300x298.jpg 300w, https:\/\/terre-de-provence.com\/wp-content\/uploads\/2024\/10\/Terre-de-Provence-@terredeprovencemouans-\u2022-Photos-et-videos-Instagram-\u2014-Mozilla-Firefox_3-1-150x150.jpg 150w, https:\/\/terre-de-provence.com\/wp-content\/uploads\/2024\/10\/Terre-de-Provence-@terredeprovencemouans-\u2022-Photos-et-videos-Instagram-\u2014-Mozilla-Firefox_3-1-768x762.jpg 768w, https:\/\/terre-de-provence.com\/wp-content\/uploads\/2024\/10\/Terre-de-Provence-@terredeprovencemouans-\u2022-Photos-et-videos-Instagram-\u2014-Mozilla-Firefox_3-1-1536x1524.jpg 1536w, https:\/\/terre-de-provence.com\/wp-content\/uploads\/2024\/10\/Terre-de-Provence-@terredeprovencemouans-\u2022-Photos-et-videos-Instagram-\u2014-Mozilla-Firefox_3-1-100x100.jpg 100w\" sizes=\"auto, (max-width: 706px) 89vw, (max-width: 767px) 82vw, 740px\" \/><\/figure>\n\n\n\n<figure class=\"wp-block-image size-large\"><img loading=\"lazy\" decoding=\"async\" width=\"1660\" height=\"1691\" data-id=\"372\" src=\"https:\/\/terre-de-provence.com\/wp-content\/uploads\/2024\/10\/Terre-de-Provence-@terredeprovencemouans-\u2022-Photos-et-videos-Instagram-\u2014-Mozilla-Firefox_4-1.jpg\" alt=\"\" class=\"wp-image-372\" srcset=\"https:\/\/terre-de-provence.com\/wp-content\/uploads\/2024\/10\/Terre-de-Provence-@terredeprovencemouans-\u2022-Photos-et-videos-Instagram-\u2014-Mozilla-Firefox_4-1.jpg 1660w, https:\/\/terre-de-provence.com\/wp-content\/uploads\/2024\/10\/Terre-de-Provence-@terredeprovencemouans-\u2022-Photos-et-videos-Instagram-\u2014-Mozilla-Firefox_4-1-295x300.jpg 295w, https:\/\/terre-de-provence.com\/wp-content\/uploads\/2024\/10\/Terre-de-Provence-@terredeprovencemouans-\u2022-Photos-et-videos-Instagram-\u2014-Mozilla-Firefox_4-1-768x782.jpg 768w, https:\/\/terre-de-provence.com\/wp-content\/uploads\/2024\/10\/Terre-de-Provence-@terredeprovencemouans-\u2022-Photos-et-videos-Instagram-\u2014-Mozilla-Firefox_4-1-1508x1536.jpg 1508w\" sizes=\"auto, (max-width: 706px) 89vw, (max-width: 767px) 82vw, 740px\" \/><\/figure>\n\n\n\n<figure class=\"wp-block-image size-large\"><img loading=\"lazy\" decoding=\"async\" width=\"1697\" height=\"1707\" data-id=\"368\" src=\"https:\/\/terre-de-provence.com\/wp-content\/uploads\/2024\/10\/Terre-de-Provence-@terredeprovencemouans-\u2022-Photos-et-videos-Instagram-\u2014-Mozilla-Firefox_5-1.jpg\" alt=\"\" class=\"wp-image-368\" srcset=\"https:\/\/terre-de-provence.com\/wp-content\/uploads\/2024\/10\/Terre-de-Provence-@terredeprovencemouans-\u2022-Photos-et-videos-Instagram-\u2014-Mozilla-Firefox_5-1.jpg 1697w, https:\/\/terre-de-provence.com\/wp-content\/uploads\/2024\/10\/Terre-de-Provence-@terredeprovencemouans-\u2022-Photos-et-videos-Instagram-\u2014-Mozilla-Firefox_5-1-298x300.jpg 298w, https:\/\/terre-de-provence.com\/wp-content\/uploads\/2024\/10\/Terre-de-Provence-@terredeprovencemouans-\u2022-Photos-et-videos-Instagram-\u2014-Mozilla-Firefox_5-1-150x150.jpg 150w, https:\/\/terre-de-provence.com\/wp-content\/uploads\/2024\/10\/Terre-de-Provence-@terredeprovencemouans-\u2022-Photos-et-videos-Instagram-\u2014-Mozilla-Firefox_5-1-768x773.jpg 768w, https:\/\/terre-de-provence.com\/wp-content\/uploads\/2024\/10\/Terre-de-Provence-@terredeprovencemouans-\u2022-Photos-et-videos-Instagram-\u2014-Mozilla-Firefox_5-1-1527x1536.jpg 1527w, https:\/\/terre-de-provence.com\/wp-content\/uploads\/2024\/10\/Terre-de-Provence-@terredeprovencemouans-\u2022-Photos-et-videos-Instagram-\u2014-Mozilla-Firefox_5-1-100x100.jpg 100w\" sizes=\"auto, (max-width: 706px) 89vw, (max-width: 767px) 82vw, 740px\" \/><\/figure>\n\n\n\n<figure class=\"wp-block-image size-large\"><img loading=\"lazy\" decoding=\"async\" width=\"1668\" height=\"1713\" data-id=\"369\" src=\"https:\/\/terre-de-provence.com\/wp-content\/uploads\/2024\/10\/Terre-de-Provence-@terredeprovencemouans-\u2022-Photos-et-videos-Instagram-\u2014-Mozilla-Firefox_6.jpg\" alt=\"\" class=\"wp-image-369\" srcset=\"https:\/\/terre-de-provence.com\/wp-content\/uploads\/2024\/10\/Terre-de-Provence-@terredeprovencemouans-\u2022-Photos-et-videos-Instagram-\u2014-Mozilla-Firefox_6.jpg 1668w, https:\/\/terre-de-provence.com\/wp-content\/uploads\/2024\/10\/Terre-de-Provence-@terredeprovencemouans-\u2022-Photos-et-videos-Instagram-\u2014-Mozilla-Firefox_6-292x300.jpg 292w, https:\/\/terre-de-provence.com\/wp-content\/uploads\/2024\/10\/Terre-de-Provence-@terredeprovencemouans-\u2022-Photos-et-videos-Instagram-\u2014-Mozilla-Firefox_6-768x789.jpg 768w, https:\/\/terre-de-provence.com\/wp-content\/uploads\/2024\/10\/Terre-de-Provence-@terredeprovencemouans-\u2022-Photos-et-videos-Instagram-\u2014-Mozilla-Firefox_6-1496x1536.jpg 1496w\" sizes=\"auto, (max-width: 706px) 89vw, (max-width: 767px) 82vw, 740px\" \/><\/figure>\n<\/figure>\n","protected":false},"excerpt":{"rendered":"<p>Ateliers d\u2019arts plastiques pour ados \ud83c\udfa8 Offrez \u00e0 votre adolescent l\u2019opportunit\u00e9 de d\u00e9couvrir et d\u2019approfondir une grande vari\u00e9t\u00e9 de techniques artistiques : dessin, peinture, sculpture, modelage, street art, manga, assemblage, collage. Ces ateliers sont parfaits pour d\u00e9velopper un style artistique personnel et faire \u00e9voluer son talent cr\u00e9atif. Ils sont adapt\u00e9s \u00e0 tous les niveaux, qu\u2019il &hellip; <\/p>\n<p class=\"link-more\"><a href=\"https:\/\/terre-de-provence.com\/index.php\/2024\/09\/01\/arts-plastiques\/\" class=\"more-link\">Continuer la lecture<span class=\"screen-reader-text\"> de &laquo;&nbsp;Arts Plastiques&nbsp;&raquo;<\/span><\/a><\/p>\n","protected":false},"author":1,"featured_media":0,"comment_status":"open","ping_status":"open","sticky":false,"template":"","format":"standard","meta":{"footnotes":""},"categories":[10],"tags":[],"class_list":["post-365","post","type-post","status-publish","format-standard","hentry","category-arts-plastiques"],"_links":{"self":[{"href":"https:\/\/terre-de-provence.com\/index.php\/wp-json\/wp\/v2\/posts\/365","targetHints":{"allow":["GET"]}}],"collection":[{"href":"https:\/\/terre-de-provence.com\/index.php\/wp-json\/wp\/v2\/posts"}],"about":[{"href":"https:\/\/terre-de-provence.com\/index.php\/wp-json\/wp\/v2\/types\/post"}],"author":[{"embeddable":true,"href":"https:\/\/terre-de-provence.com\/index.php\/wp-json\/wp\/v2\/users\/1"}],"replies":[{"embeddable":true,"href":"https:\/\/terre-de-provence.com\/index.php\/wp-json\/wp\/v2\/comments?post=365"}],"version-history":[{"count":2,"href":"https:\/\/terre-de-provence.com\/index.php\/wp-json\/wp\/v2\/posts\/365\/revisions"}],"predecessor-version":[{"id":373,"href":"https:\/\/terre-de-provence.com\/index.php\/wp-json\/wp\/v2\/posts\/365\/revisions\/373"}],"wp:attachment":[{"href":"https:\/\/terre-de-provence.com\/index.php\/wp-json\/wp\/v2\/media?parent=365"}],"wp:term":[{"taxonomy":"category","embeddable":true,"href":"https:\/\/terre-de-provence.com\/index.php\/wp-json\/wp\/v2\/categories?post=365"},{"taxonomy":"post_tag","embeddable":true,"href":"https:\/\/terre-de-provence.com\/index.php\/wp-json\/wp\/v2\/tags?post=365"}],"curies":[{"name":"wp","href":"https:\/\/api.w.org\/{rel}","templated":true}]}}