{"id":329,"date":"2024-08-30T21:42:04","date_gmt":"2024-08-30T19:42:04","guid":{"rendered":"https:\/\/terre-de-provence.com\/?p=329"},"modified":"2024-10-10T21:51:12","modified_gmt":"2024-10-10T19:51:12","slug":"cours-de-tricot","status":"publish","type":"post","link":"https:\/\/terre-de-provence.com\/index.php\/2024\/08\/30\/cours-de-tricot\/","title":{"rendered":"Cours de tricot"},"content":{"rendered":"\n<h1 class=\"wp-block-heading\" style=\"font-size:14px\">\ud83e\uddf6 Tous les mercredis, de 17h \u00e0 19h, venez vous initier ou vous perfectionner avec Sidney \u00ab\u00a0Au fil du Tricot\u00a0\u00bb<\/h1>\n\n\n\n<figure class=\"wp-block-gallery has-nested-images columns-default is-cropped wp-block-gallery-1 is-layout-flex wp-block-gallery-is-layout-flex\">\n<figure class=\"wp-block-image size-large\"><img loading=\"lazy\" decoding=\"async\" width=\"1705\" height=\"1747\" data-id=\"334\" src=\"https:\/\/terre-de-provence.com\/wp-content\/uploads\/2024\/08\/Terre-de-Provence-@terredeprovencemouans-\u2022-Photos-et-videos-Instagram-\u2014-Mozilla-Firefox-1.jpg\" alt=\"\" class=\"wp-image-334\" srcset=\"https:\/\/terre-de-provence.com\/wp-content\/uploads\/2024\/08\/Terre-de-Provence-@terredeprovencemouans-\u2022-Photos-et-videos-Instagram-\u2014-Mozilla-Firefox-1.jpg 1705w, https:\/\/terre-de-provence.com\/wp-content\/uploads\/2024\/08\/Terre-de-Provence-@terredeprovencemouans-\u2022-Photos-et-videos-Instagram-\u2014-Mozilla-Firefox-1-293x300.jpg 293w, https:\/\/terre-de-provence.com\/wp-content\/uploads\/2024\/08\/Terre-de-Provence-@terredeprovencemouans-\u2022-Photos-et-videos-Instagram-\u2014-Mozilla-Firefox-1-768x787.jpg 768w, https:\/\/terre-de-provence.com\/wp-content\/uploads\/2024\/08\/Terre-de-Provence-@terredeprovencemouans-\u2022-Photos-et-videos-Instagram-\u2014-Mozilla-Firefox-1-1499x1536.jpg 1499w\" sizes=\"auto, (max-width: 706px) 89vw, (max-width: 767px) 82vw, 740px\" \/><\/figure>\n\n\n\n<figure class=\"wp-block-image size-large\"><img loading=\"lazy\" decoding=\"async\" width=\"1707\" height=\"1748\" data-id=\"336\" src=\"https:\/\/terre-de-provence.com\/wp-content\/uploads\/2024\/08\/Terre-de-Provence-@terredeprovencemouans-\u2022-Photos-et-videos-Instagram-\u2014-Mozilla-Firefox_3-1.jpg\" alt=\"\" class=\"wp-image-336\" srcset=\"https:\/\/terre-de-provence.com\/wp-content\/uploads\/2024\/08\/Terre-de-Provence-@terredeprovencemouans-\u2022-Photos-et-videos-Instagram-\u2014-Mozilla-Firefox_3-1.jpg 1707w, https:\/\/terre-de-provence.com\/wp-content\/uploads\/2024\/08\/Terre-de-Provence-@terredeprovencemouans-\u2022-Photos-et-videos-Instagram-\u2014-Mozilla-Firefox_3-1-293x300.jpg 293w, https:\/\/terre-de-provence.com\/wp-content\/uploads\/2024\/08\/Terre-de-Provence-@terredeprovencemouans-\u2022-Photos-et-videos-Instagram-\u2014-Mozilla-Firefox_3-1-768x786.jpg 768w, https:\/\/terre-de-provence.com\/wp-content\/uploads\/2024\/08\/Terre-de-Provence-@terredeprovencemouans-\u2022-Photos-et-videos-Instagram-\u2014-Mozilla-Firefox_3-1-1500x1536.jpg 1500w\" sizes=\"auto, (max-width: 706px) 89vw, (max-width: 767px) 82vw, 740px\" \/><\/figure>\n\n\n\n<figure class=\"wp-block-image size-large\"><img loading=\"lazy\" decoding=\"async\" width=\"1715\" height=\"1765\" data-id=\"337\" src=\"https:\/\/terre-de-provence.com\/wp-content\/uploads\/2024\/08\/Terre-de-Provence-@terredeprovencemouans-\u2022-Photos-et-videos-Instagram-\u2014-Mozilla-Firefox_4-1.jpg\" alt=\"\" class=\"wp-image-337\" srcset=\"https:\/\/terre-de-provence.com\/wp-content\/uploads\/2024\/08\/Terre-de-Provence-@terredeprovencemouans-\u2022-Photos-et-videos-Instagram-\u2014-Mozilla-Firefox_4-1.jpg 1715w, https:\/\/terre-de-provence.com\/wp-content\/uploads\/2024\/08\/Terre-de-Provence-@terredeprovencemouans-\u2022-Photos-et-videos-Instagram-\u2014-Mozilla-Firefox_4-1-292x300.jpg 292w, https:\/\/terre-de-provence.com\/wp-content\/uploads\/2024\/08\/Terre-de-Provence-@terredeprovencemouans-\u2022-Photos-et-videos-Instagram-\u2014-Mozilla-Firefox_4-1-768x790.jpg 768w, https:\/\/terre-de-provence.com\/wp-content\/uploads\/2024\/08\/Terre-de-Provence-@terredeprovencemouans-\u2022-Photos-et-videos-Instagram-\u2014-Mozilla-Firefox_4-1-1492x1536.jpg 1492w\" sizes=\"auto, (max-width: 706px) 89vw, (max-width: 767px) 82vw, 740px\" \/><\/figure>\n\n\n\n<figure class=\"wp-block-image size-large\"><img loading=\"lazy\" decoding=\"async\" width=\"1692\" height=\"1778\" data-id=\"338\" src=\"https:\/\/terre-de-provence.com\/wp-content\/uploads\/2024\/08\/Terre-de-Provence-@terredeprovencemouans-\u2022-Photos-et-videos-Instagram-\u2014-Mozilla-Firefox_5-1.jpg\" alt=\"\" class=\"wp-image-338\" srcset=\"https:\/\/terre-de-provence.com\/wp-content\/uploads\/2024\/08\/Terre-de-Provence-@terredeprovencemouans-\u2022-Photos-et-videos-Instagram-\u2014-Mozilla-Firefox_5-1.jpg 1692w, https:\/\/terre-de-provence.com\/wp-content\/uploads\/2024\/08\/Terre-de-Provence-@terredeprovencemouans-\u2022-Photos-et-videos-Instagram-\u2014-Mozilla-Firefox_5-1-285x300.jpg 285w, https:\/\/terre-de-provence.com\/wp-content\/uploads\/2024\/08\/Terre-de-Provence-@terredeprovencemouans-\u2022-Photos-et-videos-Instagram-\u2014-Mozilla-Firefox_5-1-768x807.jpg 768w, https:\/\/terre-de-provence.com\/wp-content\/uploads\/2024\/08\/Terre-de-Provence-@terredeprovencemouans-\u2022-Photos-et-videos-Instagram-\u2014-Mozilla-Firefox_5-1-1462x1536.jpg 1462w\" sizes=\"auto, (max-width: 706px) 89vw, (max-width: 767px) 82vw, 740px\" \/><\/figure>\n\n\n\n<figure class=\"wp-block-image size-large\"><img loading=\"lazy\" decoding=\"async\" width=\"1762\" height=\"1755\" data-id=\"335\" src=\"https:\/\/terre-de-provence.com\/wp-content\/uploads\/2024\/08\/Terre-de-Provence-@terredeprovencemouans-\u2022-Photos-et-videos-Instagram-\u2014-Mozilla-Firefox_6.jpg\" alt=\"\" class=\"wp-image-335\" srcset=\"https:\/\/terre-de-provence.com\/wp-content\/uploads\/2024\/08\/Terre-de-Provence-@terredeprovencemouans-\u2022-Photos-et-videos-Instagram-\u2014-Mozilla-Firefox_6.jpg 1762w, https:\/\/terre-de-provence.com\/wp-content\/uploads\/2024\/08\/Terre-de-Provence-@terredeprovencemouans-\u2022-Photos-et-videos-Instagram-\u2014-Mozilla-Firefox_6-300x300.jpg 300w, https:\/\/terre-de-provence.com\/wp-content\/uploads\/2024\/08\/Terre-de-Provence-@terredeprovencemouans-\u2022-Photos-et-videos-Instagram-\u2014-Mozilla-Firefox_6-150x150.jpg 150w, https:\/\/terre-de-provence.com\/wp-content\/uploads\/2024\/08\/Terre-de-Provence-@terredeprovencemouans-\u2022-Photos-et-videos-Instagram-\u2014-Mozilla-Firefox_6-768x765.jpg 768w, https:\/\/terre-de-provence.com\/wp-content\/uploads\/2024\/08\/Terre-de-Provence-@terredeprovencemouans-\u2022-Photos-et-videos-Instagram-\u2014-Mozilla-Firefox_6-1536x1530.jpg 1536w, https:\/\/terre-de-provence.com\/wp-content\/uploads\/2024\/08\/Terre-de-Provence-@terredeprovencemouans-\u2022-Photos-et-videos-Instagram-\u2014-Mozilla-Firefox_6-100x100.jpg 100w\" sizes=\"auto, (max-width: 706px) 89vw, (max-width: 767px) 82vw, 740px\" \/><\/figure>\n<\/figure>\n\n\n\n<p>Cours pr\u00e9vus pour les d\u00e9butant.es et les confirm\u00e9.es. Venez avec vos aiguilles, fils et le projet que vous souhaitez r\u00e9aliser et Sidney vous accompagnera \u00e0 chaque point de difficult\u00e9, pour vous aider \u00e0 avancer \u00e9tape par \u00e9tape.<br>Le 1er cours est \u00e0 9\u20ac! Les cours en groupe sont \u00e0 18\u20ac \/ 2h.<br>reprise des cours le 11 septembre.<br><br><br>Renseignements et r\u00e9servations aupr\u00e8s de Sidney : 06 52 61 34 49 <br><br>page Facebook\u00a0ou Instagram <a href=\"https:\/\/www.instagram.com\/aufildutricot\/\">@aufildutricot<\/a><br><br>Ou r\u00e9servation en ligne : www.aufildutricot.com<\/p>\n\n\n\n<p><\/p>\n","protected":false},"excerpt":{"rendered":"<p>\ud83e\uddf6 Tous les mercredis, de 17h \u00e0 19h, venez vous initier ou vous perfectionner avec Sidney \u00ab\u00a0Au fil du Tricot\u00a0\u00bb Cours pr\u00e9vus pour les d\u00e9butant.es et les confirm\u00e9.es. Venez avec vos aiguilles, fils et le projet que vous souhaitez r\u00e9aliser et Sidney vous accompagnera \u00e0 chaque point de difficult\u00e9, pour vous aider \u00e0 avancer \u00e9tape &hellip; <\/p>\n<p class=\"link-more\"><a href=\"https:\/\/terre-de-provence.com\/index.php\/2024\/08\/30\/cours-de-tricot\/\" class=\"more-link\">Continuer la lecture<span class=\"screen-reader-text\"> de &laquo;&nbsp;Cours de tricot&nbsp;&raquo;<\/span><\/a><\/p>\n","protected":false},"author":1,"featured_media":0,"comment_status":"open","ping_status":"open","sticky":false,"template":"","format":"standard","meta":{"footnotes":""},"categories":[11],"tags":[],"class_list":["post-329","post","type-post","status-publish","format-standard","hentry","category-tricot"],"_links":{"self":[{"href":"https:\/\/terre-de-provence.com\/index.php\/wp-json\/wp\/v2\/posts\/329","targetHints":{"allow":["GET"]}}],"collection":[{"href":"https:\/\/terre-de-provence.com\/index.php\/wp-json\/wp\/v2\/posts"}],"about":[{"href":"https:\/\/terre-de-provence.com\/index.php\/wp-json\/wp\/v2\/types\/post"}],"author":[{"embeddable":true,"href":"https:\/\/terre-de-provence.com\/index.php\/wp-json\/wp\/v2\/users\/1"}],"replies":[{"embeddable":true,"href":"https:\/\/terre-de-provence.com\/index.php\/wp-json\/wp\/v2\/comments?post=329"}],"version-history":[{"count":5,"href":"https:\/\/terre-de-provence.com\/index.php\/wp-json\/wp\/v2\/posts\/329\/revisions"}],"predecessor-version":[{"id":339,"href":"https:\/\/terre-de-provence.com\/index.php\/wp-json\/wp\/v2\/posts\/329\/revisions\/339"}],"wp:attachment":[{"href":"https:\/\/terre-de-provence.com\/index.php\/wp-json\/wp\/v2\/media?parent=329"}],"wp:term":[{"taxonomy":"category","embeddable":true,"href":"https:\/\/terre-de-provence.com\/index.php\/wp-json\/wp\/v2\/categories?post=329"},{"taxonomy":"post_tag","embeddable":true,"href":"https:\/\/terre-de-provence.com\/index.php\/wp-json\/wp\/v2\/tags?post=329"}],"curies":[{"name":"wp","href":"https:\/\/api.w.org\/{rel}","templated":true}]}}