{"id":309,"date":"2024-09-25T21:07:38","date_gmt":"2024-09-25T19:07:38","guid":{"rendered":"https:\/\/terre-de-provence.com\/?p=309"},"modified":"2025-03-14T19:11:10","modified_gmt":"2025-03-14T18:11:10","slug":"programme-automne-2024-a-terre-de-provence","status":"publish","type":"post","link":"https:\/\/terre-de-provence.com\/index.php\/2024\/09\/25\/programme-automne-2024-a-terre-de-provence\/","title":{"rendered":""},"content":{"rendered":"\n<p class=\"wp-block-paragraph\" style=\"font-size:20px\"><\/p>\n\n\n\n<hr class=\"wp-block-separator has-alpha-channel-opacity\"\/>\n\n\n\n<p class=\"has-text-align-center has-luminous-vivid-orange-color has-text-color has-link-color wp-elements-1 wp-block-paragraph\" style=\"font-size:30px;font-style:normal;font-weight:600;text-transform:capitalize\">COURS R\u00c9GULIERS<\/p>\n\n\n\n<p class=\"has-luminous-vivid-orange-color has-text-color has-link-color wp-elements-2 wp-block-paragraph\" style=\"font-size:20px\"><mark style=\"background-color:rgba(0, 0, 0, 0)\" class=\"has-inline-color has-luminous-vivid-amber-color\"><strong><a href=\"https:\/\/terre-de-provence.com\/index.php\/2024\/09\/01\/arts-plastiques\/\" data-type=\"post\" data-id=\"365\">Arts Plastiques<\/a><\/strong><\/mark><\/p>\n\n\n\n<div class=\"wp-block-media-text is-stacked-on-mobile is-style-rounded\" style=\"grid-template-columns:37% auto\"><figure class=\"wp-block-media-text__media\"><img loading=\"lazy\" decoding=\"async\" width=\"298\" height=\"300\" src=\"https:\/\/terre-de-provence.com\/wp-content\/uploads\/2024\/10\/PrtScr-capture-298x300.jpg\" alt=\"\" class=\"wp-image-367 size-full\" srcset=\"https:\/\/terre-de-provence.com\/wp-content\/uploads\/2024\/10\/PrtScr-capture-298x300.jpg 298w, https:\/\/terre-de-provence.com\/wp-content\/uploads\/2024\/10\/PrtScr-capture-150x150.jpg 150w, https:\/\/terre-de-provence.com\/wp-content\/uploads\/2024\/10\/PrtScr-capture-768x774.jpg 768w, https:\/\/terre-de-provence.com\/wp-content\/uploads\/2024\/10\/PrtScr-capture-1524x1536.jpg 1524w, https:\/\/terre-de-provence.com\/wp-content\/uploads\/2024\/10\/PrtScr-capture-100x100.jpg 100w, https:\/\/terre-de-provence.com\/wp-content\/uploads\/2024\/10\/PrtScr-capture.jpg 1653w\" sizes=\"auto, (max-width: 298px) 100vw, 298px\" \/><\/figure><div class=\"wp-block-media-text__content\">\n<p class=\"wp-block-paragraph\">Avec Romy<br><br>Pour ados : dessin, peinture, sculpture, modelage, street art, manga, assemblage, collage. Ces ateliers sont parfaits pour d\u00e9velopper un style artistique personnel et faire \u00e9voluer son talent cr\u00e9atif. Ils sont adapt\u00e9s \u00e0 tous les niveaux, qu\u2019il s\u2019agisse de d\u00e9butants ou de confirm\u00e9s.<br><strong><em>Tous les mercredis de 13h \u00e0 14h30<\/em><\/strong> &#8211; 15\u20ac\/s\u00e9ance, forfait annuel 450\u20ac<br>inscriptions : fantinoromy@gmail.com<\/p>\n<\/div><\/div>\n\n\n\n<p class=\"wp-block-paragraph\" style=\"font-size:14px\"><\/p>\n\n\n\n<p class=\"has-luminous-vivid-orange-color has-text-color has-link-color wp-elements-3 wp-block-paragraph\" style=\"font-size:20px\"><mark style=\"background-color:rgba(0, 0, 0, 0)\" class=\"has-inline-color has-luminous-vivid-amber-color\"><a href=\"https:\/\/terre-de-provence.com\/index.php\/2024\/08\/30\/cours-de-tricot\/\" data-type=\"post\" data-id=\"329\"><strong>Tricot<\/strong><\/a><\/mark><\/p>\n\n\n\n<div class=\"wp-block-media-text is-stacked-on-mobile\" style=\"grid-template-columns:38% auto\"><figure class=\"wp-block-media-text__media\"><img loading=\"lazy\" decoding=\"async\" width=\"1715\" height=\"1765\" src=\"https:\/\/terre-de-provence.com\/wp-content\/uploads\/2024\/08\/Terre-de-Provence-@terredeprovencemouans-\u2022-Photos-et-videos-Instagram-\u2014-Mozilla-Firefox_4-1.jpg\" alt=\"\" class=\"wp-image-337 size-full\" srcset=\"https:\/\/terre-de-provence.com\/wp-content\/uploads\/2024\/08\/Terre-de-Provence-@terredeprovencemouans-\u2022-Photos-et-videos-Instagram-\u2014-Mozilla-Firefox_4-1.jpg 1715w, https:\/\/terre-de-provence.com\/wp-content\/uploads\/2024\/08\/Terre-de-Provence-@terredeprovencemouans-\u2022-Photos-et-videos-Instagram-\u2014-Mozilla-Firefox_4-1-292x300.jpg 292w, https:\/\/terre-de-provence.com\/wp-content\/uploads\/2024\/08\/Terre-de-Provence-@terredeprovencemouans-\u2022-Photos-et-videos-Instagram-\u2014-Mozilla-Firefox_4-1-768x790.jpg 768w, https:\/\/terre-de-provence.com\/wp-content\/uploads\/2024\/08\/Terre-de-Provence-@terredeprovencemouans-\u2022-Photos-et-videos-Instagram-\u2014-Mozilla-Firefox_4-1-1492x1536.jpg 1492w\" sizes=\"auto, (max-width: 706px) 89vw, (max-width: 767px) 82vw, 740px\" \/><\/figure><div class=\"wp-block-media-text__content\">\n<p class=\"wp-block-paragraph\">Avec Sidney <br><br><strong><em>Tous les mercredis, de 17h \u00e0 19h, <\/em><\/strong><br>Cours pr\u00e9vus pour les d\u00e9butant.es et les confirm\u00e9.es. Le 1er cours est \u00e0 9\u20ac<br>Les cours en groupe sont \u00e0 18\u20ac \/ 2h<br><br>inscriptions : www.aufildutricot.com<\/p>\n<\/div><\/div>\n\n\n\n<p class=\"has-luminous-vivid-orange-color has-text-color has-link-color wp-elements-4 wp-block-paragraph\" style=\"font-size:20px\"><br><strong><mark style=\"background-color:rgba(0, 0, 0, 0)\" class=\"has-inline-color has-luminous-vivid-amber-color\"><a href=\"https:\/\/terre-de-provence.com\/index.php\/2024\/08\/31\/crochet\/\" data-type=\"post\" data-id=\"345\">Crochet<\/a><\/mark> <\/strong><\/p>\n\n\n\n<div class=\"wp-block-media-text is-stacked-on-mobile\" style=\"grid-template-columns:38% auto\"><figure class=\"wp-block-media-text__media\"><img loading=\"lazy\" decoding=\"async\" width=\"1354\" height=\"1744\" src=\"https:\/\/terre-de-provence.com\/wp-content\/uploads\/2024\/10\/Terre-de-Provence-@terredeprovencemouans-\u2022-Photos-et-videos-Instagram-\u2014-Mozilla-Firefox_7.jpg\" alt=\"\" class=\"wp-image-346 size-full\" srcset=\"https:\/\/terre-de-provence.com\/wp-content\/uploads\/2024\/10\/Terre-de-Provence-@terredeprovencemouans-\u2022-Photos-et-videos-Instagram-\u2014-Mozilla-Firefox_7.jpg 1354w, https:\/\/terre-de-provence.com\/wp-content\/uploads\/2024\/10\/Terre-de-Provence-@terredeprovencemouans-\u2022-Photos-et-videos-Instagram-\u2014-Mozilla-Firefox_7-233x300.jpg 233w, https:\/\/terre-de-provence.com\/wp-content\/uploads\/2024\/10\/Terre-de-Provence-@terredeprovencemouans-\u2022-Photos-et-videos-Instagram-\u2014-Mozilla-Firefox_7-768x989.jpg 768w, https:\/\/terre-de-provence.com\/wp-content\/uploads\/2024\/10\/Terre-de-Provence-@terredeprovencemouans-\u2022-Photos-et-videos-Instagram-\u2014-Mozilla-Firefox_7-1193x1536.jpg 1193w\" sizes=\"auto, (max-width: 706px) 89vw, (max-width: 767px) 82vw, 740px\" \/><\/figure><div class=\"wp-block-media-text__content\">\n<p class=\"wp-block-paragraph\">Avec St\u00e9phanie <br><br><strong><em>Deux cr\u00e9neaux le vendredi, <\/em><\/strong><br><strong><em>une semaine sur deux:<br>&#8211; de 13h \u00e0 15h &amp; de 17h30 \u00e0 19h30<\/em><\/strong><br><br>18\u20ac les 2h de cours. Le 11\u00e8me cours est offert<br><br>inscriptions : 06 23 89 13 29<\/p>\n<\/div><\/div>\n\n\n\n<p class=\"wp-block-paragraph\" style=\"font-size:15px\"><\/p>\n\n\n\n<hr class=\"wp-block-separator has-alpha-channel-opacity\"\/>\n\n\n\n<p class=\"has-text-align-center has-luminous-vivid-amber-color has-text-color has-link-color wp-elements-5 wp-block-paragraph\" style=\"font-size:30px;font-style:normal;font-weight:600\">STAGE TOUSSAINT<\/p>\n\n\n\n<p class=\"has-luminous-vivid-orange-color has-text-color has-link-color wp-elements-6 wp-block-paragraph\" style=\"font-size:20px\"><strong><a href=\"https:\/\/terre-de-provence.com\/index.php\/2024\/08\/29\/stages-de-dessin\/\" data-type=\"post\" data-id=\"357\"><mark style=\"background-color:rgba(0, 0, 0, 0)\" class=\"has-inline-color has-luminous-vivid-amber-color\">Stage de dessin<\/mark> <\/a><\/strong><\/p>\n\n\n\n<div class=\"wp-block-media-text is-stacked-on-mobile\" style=\"grid-template-columns:37% auto\"><figure class=\"wp-block-media-text__media\"><img loading=\"lazy\" decoding=\"async\" width=\"1419\" height=\"1779\" src=\"https:\/\/terre-de-provence.com\/wp-content\/uploads\/2024\/08\/Terre-de-Provence-@terredeprovencemouans-\u2022-Photos-et-videos-Instagram-\u2014-Mozilla-Firefox_2.jpg\" alt=\"\" class=\"wp-image-305 size-full\" srcset=\"https:\/\/terre-de-provence.com\/wp-content\/uploads\/2024\/08\/Terre-de-Provence-@terredeprovencemouans-\u2022-Photos-et-videos-Instagram-\u2014-Mozilla-Firefox_2.jpg 1419w, https:\/\/terre-de-provence.com\/wp-content\/uploads\/2024\/08\/Terre-de-Provence-@terredeprovencemouans-\u2022-Photos-et-videos-Instagram-\u2014-Mozilla-Firefox_2-239x300.jpg 239w, https:\/\/terre-de-provence.com\/wp-content\/uploads\/2024\/08\/Terre-de-Provence-@terredeprovencemouans-\u2022-Photos-et-videos-Instagram-\u2014-Mozilla-Firefox_2-768x963.jpg 768w, https:\/\/terre-de-provence.com\/wp-content\/uploads\/2024\/08\/Terre-de-Provence-@terredeprovencemouans-\u2022-Photos-et-videos-Instagram-\u2014-Mozilla-Firefox_2-1225x1536.jpg 1225w\" sizes=\"auto, (max-width: 706px) 89vw, (max-width: 767px) 82vw, 740px\" \/><\/figure><div class=\"wp-block-media-text__content\">\n<p class=\"wp-block-paragraph\">Avec Laure<br><br>pendant les vacances de la Toussaint, <br><strong>du 21 au 25 octobre <\/strong><br>enfants de 8 \u00e0 12 ans : de 10h \u00e0 12h, sauf les mercredis de 8h \u00e0 12h.<br><br>inscriptions : www.laure-barontini.fr\/planning<\/p>\n<\/div><\/div>\n\n\n\n<hr class=\"wp-block-separator has-alpha-channel-opacity\"\/>\n\n\n\n<p class=\"has-text-align-center has-text-color has-link-color wp-elements-7 wp-block-paragraph\" style=\"color:#479188;font-size:30px;font-style:normal;font-weight:600\"><br>BOUTIQUE \u00c9PH\u00c9MERE<br>NO\u00cbL DES CR\u00c9ATICES &amp; CR\u00c9ATEURS<br>6 \u00e8me \u00e9dition<\/p>\n\n\n\n<p class=\"wp-block-paragraph\" style=\"font-size:15px\"><strong>Du samedi 30 novembre au dimanche 22 d\u00e9cembre<\/strong><br>du mardi au vendredi de 16h \u00e0 19h et samedi, dimanche de 10h \u00e0 19h<\/p>\n\n\n\n<p class=\"wp-block-paragraph\"><\/p>\n","protected":false},"excerpt":{"rendered":"<p>COURS R\u00c9GULIERS Arts Plastiques Avec Romy Pour ados : dessin, peinture, sculpture, modelage, street art, manga, assemblage, collage. Ces ateliers sont parfaits pour d\u00e9velopper un style artistique personnel et faire \u00e9voluer son talent cr\u00e9atif. Ils sont adapt\u00e9s \u00e0 tous les niveaux, qu\u2019il s\u2019agisse de d\u00e9butants ou de confirm\u00e9s.Tous les mercredis de 13h \u00e0 14h30 &#8211; &hellip; <\/p>\n<p class=\"link-more\"><a href=\"https:\/\/terre-de-provence.com\/index.php\/2024\/09\/25\/programme-automne-2024-a-terre-de-provence\/\" class=\"more-link\">Continuer la lecture<span class=\"screen-reader-text\"> de &laquo;&nbsp;&nbsp;&raquo;<\/span><\/a><\/p>\n","protected":false},"author":1,"featured_media":0,"comment_status":"open","ping_status":"open","sticky":false,"template":"","format":"standard","meta":{"footnotes":""},"categories":[1],"tags":[],"class_list":["post-309","post","type-post","status-publish","format-standard","hentry","category-non-classe"],"_links":{"self":[{"href":"https:\/\/terre-de-provence.com\/index.php\/wp-json\/wp\/v2\/posts\/309","targetHints":{"allow":["GET"]}}],"collection":[{"href":"https:\/\/terre-de-provence.com\/index.php\/wp-json\/wp\/v2\/posts"}],"about":[{"href":"https:\/\/terre-de-provence.com\/index.php\/wp-json\/wp\/v2\/types\/post"}],"author":[{"embeddable":true,"href":"https:\/\/terre-de-provence.com\/index.php\/wp-json\/wp\/v2\/users\/1"}],"replies":[{"embeddable":true,"href":"https:\/\/terre-de-provence.com\/index.php\/wp-json\/wp\/v2\/comments?post=309"}],"version-history":[{"count":22,"href":"https:\/\/terre-de-provence.com\/index.php\/wp-json\/wp\/v2\/posts\/309\/revisions"}],"predecessor-version":[{"id":397,"href":"https:\/\/terre-de-provence.com\/index.php\/wp-json\/wp\/v2\/posts\/309\/revisions\/397"}],"wp:attachment":[{"href":"https:\/\/terre-de-provence.com\/index.php\/wp-json\/wp\/v2\/media?parent=309"}],"wp:term":[{"taxonomy":"category","embeddable":true,"href":"https:\/\/terre-de-provence.com\/index.php\/wp-json\/wp\/v2\/categories?post=309"},{"taxonomy":"post_tag","embeddable":true,"href":"https:\/\/terre-de-provence.com\/index.php\/wp-json\/wp\/v2\/tags?post=309"}],"curies":[{"name":"wp","href":"https:\/\/api.w.org\/{rel}","templated":true}]}}