{"id":217,"date":"2023-11-03T22:21:22","date_gmt":"2023-11-03T21:21:22","guid":{"rendered":"https:\/\/terre-de-provence.com\/?p=217"},"modified":"2023-11-24T09:45:51","modified_gmt":"2023-11-24T08:45:51","slug":"atelier-laine-cardee","status":"publish","type":"post","link":"https:\/\/terre-de-provence.com\/index.php\/2023\/11\/03\/atelier-laine-cardee\/","title":{"rendered":"Atelier laine card\u00e9e"},"content":{"rendered":"\n<figure class=\"wp-block-image\"><img loading=\"lazy\" decoding=\"async\" width=\"24\" height=\"24\" src=\"https:\/\/terre-de-provence.com\/wp-content\/uploads\/2023\/11\/image.png\" alt=\"\u2728\" class=\"wp-image-218\"\/><\/figure>\n\n\n\n<p><\/p>\n\n\n\n<p>On avait ador\u00e9 l\u2019ann\u00e9e derni\u00e8re l\u2019atelier de @priskartshop ! Elle revient cette ann\u00e9e \u00e0 Terre de Provence pour nous partager son univers cr\u00e9atif et sa passion pour la laine card\u00e9e. Peu importe si vous \u00eates novice ou exp\u00e9riment\u00e9(e), ses ateliers sont pens\u00e9s pour vous offrir une exp\u00e9rience aussi cr\u00e9ative que relaxante <img loading=\"lazy\" decoding=\"async\" height=\"16\" width=\"16\" src=\"https:\/\/static.xx.fbcdn.net\/images\/emoji.php\/v9\/t7b\/1.5\/16\/2728.png\" alt=\"\u2728\"><\/p>\n\n\n\n<figure class=\"wp-block-gallery has-nested-images columns-default is-cropped wp-block-gallery-1 is-layout-flex wp-block-gallery-is-layout-flex\">\n<figure class=\"wp-block-image size-large\"><img loading=\"lazy\" decoding=\"async\" width=\"895\" height=\"1024\" data-id=\"222\" src=\"https:\/\/terre-de-provence.com\/wp-content\/uploads\/2023\/11\/398147943_1078432389808895_8119523488808892767_n-895x1024.jpg\" alt=\"\" class=\"wp-image-222\" srcset=\"https:\/\/terre-de-provence.com\/wp-content\/uploads\/2023\/11\/398147943_1078432389808895_8119523488808892767_n-895x1024.jpg 895w, https:\/\/terre-de-provence.com\/wp-content\/uploads\/2023\/11\/398147943_1078432389808895_8119523488808892767_n-262x300.jpg 262w, https:\/\/terre-de-provence.com\/wp-content\/uploads\/2023\/11\/398147943_1078432389808895_8119523488808892767_n-768x878.jpg 768w, https:\/\/terre-de-provence.com\/wp-content\/uploads\/2023\/11\/398147943_1078432389808895_8119523488808892767_n.jpg 1080w\" sizes=\"auto, (max-width: 706px) 89vw, (max-width: 767px) 82vw, 740px\" \/><\/figure>\n\n\n\n<figure class=\"wp-block-image size-large\"><img loading=\"lazy\" decoding=\"async\" width=\"895\" height=\"1024\" data-id=\"220\" src=\"https:\/\/terre-de-provence.com\/wp-content\/uploads\/2023\/11\/398215319_1078432453142222_1136713014551213381_n-895x1024.jpg\" alt=\"\" class=\"wp-image-220\" srcset=\"https:\/\/terre-de-provence.com\/wp-content\/uploads\/2023\/11\/398215319_1078432453142222_1136713014551213381_n-895x1024.jpg 895w, https:\/\/terre-de-provence.com\/wp-content\/uploads\/2023\/11\/398215319_1078432453142222_1136713014551213381_n-262x300.jpg 262w, https:\/\/terre-de-provence.com\/wp-content\/uploads\/2023\/11\/398215319_1078432453142222_1136713014551213381_n-768x878.jpg 768w, https:\/\/terre-de-provence.com\/wp-content\/uploads\/2023\/11\/398215319_1078432453142222_1136713014551213381_n.jpg 1080w\" sizes=\"auto, (max-width: 706px) 89vw, (max-width: 767px) 82vw, 740px\" \/><\/figure>\n\n\n\n<figure class=\"wp-block-image size-large\"><img loading=\"lazy\" decoding=\"async\" width=\"895\" height=\"1024\" data-id=\"221\" src=\"https:\/\/terre-de-provence.com\/wp-content\/uploads\/2023\/11\/399105072_1078432433142224_6015716884829639657_n-895x1024.jpg\" alt=\"\" class=\"wp-image-221\" srcset=\"https:\/\/terre-de-provence.com\/wp-content\/uploads\/2023\/11\/399105072_1078432433142224_6015716884829639657_n-895x1024.jpg 895w, https:\/\/terre-de-provence.com\/wp-content\/uploads\/2023\/11\/399105072_1078432433142224_6015716884829639657_n-262x300.jpg 262w, https:\/\/terre-de-provence.com\/wp-content\/uploads\/2023\/11\/399105072_1078432433142224_6015716884829639657_n-768x879.jpg 768w, https:\/\/terre-de-provence.com\/wp-content\/uploads\/2023\/11\/399105072_1078432433142224_6015716884829639657_n.jpg 1080w\" sizes=\"auto, (max-width: 706px) 89vw, (max-width: 767px) 82vw, 740px\" \/><\/figure>\n<\/figure>\n\n\n\n<p>L&rsquo;atelier se d\u00e9roulera le 25 novembre \u00e0 Mouans Sartoux, de 14 h \u00e0 17 h. 35 \u20ac par personne.<\/p>\n\n\n\n<p>R\u00e9servation aupr\u00e8s de @priskartshop ou par <a><\/a>message priv\u00e9 <img loading=\"lazy\" decoding=\"async\" height=\"16\" width=\"16\" alt=\"\ud83d\udc8c\" src=\"https:\/\/static.xx.fbcdn.net\/images\/emoji.php\/v9\/t50\/1.5\/16\/1f48c.png\"><\/p>\n\n\n\n<p>A Terre de Provence 25 rue de Verdun<\/p>\n\n\n\n<p><a href=\"https:\/\/www.facebook.com\/hashtag\/atelierdelainecard%C3%A9e?__eep__=6&amp;__cft__[0]=AZUe9DrzmlNZDNQs5J66OI8p6mOKq5woVTRi4Jl9VV0dVCwzNw0GeQYS7JKXRtN2BKuyEIA-BFWi-FNfP8CugbWjtyBBehLsvVlFVdAfIHbbXHd3zeoNm-M_a1bRtMfMtYJ4loVqHixbEFrWGwAs21VzIC8uwah8bL8VMToQGeZmLemm76ddjAOfmaIjg4Ug6Z8&amp;__tn__=*NK-R\">#AtelierDeLaineCard\u00e9e<\/a><a href=\"https:\/\/www.facebook.com\/hashtag\/cr%C3%A9ativit%C3%A9?__eep__=6&amp;__cft__[0]=AZUe9DrzmlNZDNQs5J66OI8p6mOKq5woVTRi4Jl9VV0dVCwzNw0GeQYS7JKXRtN2BKuyEIA-BFWi-FNfP8CugbWjtyBBehLsvVlFVdAfIHbbXHd3zeoNm-M_a1bRtMfMtYJ4loVqHixbEFrWGwAs21VzIC8uwah8bL8VMToQGeZmLemm76ddjAOfmaIjg4Ug6Z8&amp;__tn__=*NK-R\">#Cr\u00e9ativit\u00e9<\/a><a href=\"https:\/\/www.facebook.com\/hashtag\/mouanssartoux?__eep__=6&amp;__cft__[0]=AZUe9DrzmlNZDNQs5J66OI8p6mOKq5woVTRi4Jl9VV0dVCwzNw0GeQYS7JKXRtN2BKuyEIA-BFWi-FNfP8CugbWjtyBBehLsvVlFVdAfIHbbXHd3zeoNm-M_a1bRtMfMtYJ4loVqHixbEFrWGwAs21VzIC8uwah8bL8VMToQGeZmLemm76ddjAOfmaIjg4Ug6Z8&amp;__tn__=*NK-R\">#mouanssartoux<\/a><a href=\"https:\/\/www.facebook.com\/hashtag\/mouanssartoux06?__eep__=6&amp;__cft__[0]=AZUe9DrzmlNZDNQs5J66OI8p6mOKq5woVTRi4Jl9VV0dVCwzNw0GeQYS7JKXRtN2BKuyEIA-BFWi-FNfP8CugbWjtyBBehLsvVlFVdAfIHbbXHd3zeoNm-M_a1bRtMfMtYJ4loVqHixbEFrWGwAs21VzIC8uwah8bL8VMToQGeZmLemm76ddjAOfmaIjg4Ug6Z8&amp;__tn__=*NK-R\">#mouanssartoux06<\/a><\/p>\n","protected":false},"excerpt":{"rendered":"<p>On avait ador\u00e9 l\u2019ann\u00e9e derni\u00e8re l\u2019atelier de @priskartshop ! Elle revient cette ann\u00e9e \u00e0 Terre de Provence pour nous partager son univers cr\u00e9atif et sa passion pour la laine card\u00e9e. Peu importe si vous \u00eates novice ou exp\u00e9riment\u00e9(e), ses ateliers sont pens\u00e9s pour vous offrir une exp\u00e9rience aussi cr\u00e9ative que relaxante L&rsquo;atelier se d\u00e9roulera le &hellip; <\/p>\n<p class=\"link-more\"><a href=\"https:\/\/terre-de-provence.com\/index.php\/2023\/11\/03\/atelier-laine-cardee\/\" class=\"more-link\">Continuer la lecture<span class=\"screen-reader-text\"> de &laquo;&nbsp;Atelier laine card\u00e9e&nbsp;&raquo;<\/span><\/a><\/p>\n","protected":false},"author":2,"featured_media":0,"comment_status":"open","ping_status":"open","sticky":false,"template":"","format":"standard","meta":{"footnotes":""},"categories":[8],"tags":[],"class_list":["post-217","post","type-post","status-publish","format-standard","hentry","category-laine-cardee"],"_links":{"self":[{"href":"https:\/\/terre-de-provence.com\/index.php\/wp-json\/wp\/v2\/posts\/217","targetHints":{"allow":["GET"]}}],"collection":[{"href":"https:\/\/terre-de-provence.com\/index.php\/wp-json\/wp\/v2\/posts"}],"about":[{"href":"https:\/\/terre-de-provence.com\/index.php\/wp-json\/wp\/v2\/types\/post"}],"author":[{"embeddable":true,"href":"https:\/\/terre-de-provence.com\/index.php\/wp-json\/wp\/v2\/users\/2"}],"replies":[{"embeddable":true,"href":"https:\/\/terre-de-provence.com\/index.php\/wp-json\/wp\/v2\/comments?post=217"}],"version-history":[{"count":2,"href":"https:\/\/terre-de-provence.com\/index.php\/wp-json\/wp\/v2\/posts\/217\/revisions"}],"predecessor-version":[{"id":223,"href":"https:\/\/terre-de-provence.com\/index.php\/wp-json\/wp\/v2\/posts\/217\/revisions\/223"}],"wp:attachment":[{"href":"https:\/\/terre-de-provence.com\/index.php\/wp-json\/wp\/v2\/media?parent=217"}],"wp:term":[{"taxonomy":"category","embeddable":true,"href":"https:\/\/terre-de-provence.com\/index.php\/wp-json\/wp\/v2\/categories?post=217"},{"taxonomy":"post_tag","embeddable":true,"href":"https:\/\/terre-de-provence.com\/index.php\/wp-json\/wp\/v2\/tags?post=217"}],"curies":[{"name":"wp","href":"https:\/\/api.w.org\/{rel}","templated":true}]}}